{"id":163,"date":"2023-08-07T14:18:09","date_gmt":"2023-08-07T17:18:09","guid":{"rendered":"https:\/\/aplicaciones.mdc.gba.gov.ar\/?p=163"},"modified":"2023-08-07T14:22:36","modified_gmt":"2023-08-07T17:22:36","slug":"dia-del-empleado-del-ministerio-de-desarrollo-de-la-comunidad","status":"publish","type":"post","link":"https:\/\/aplicaciones.mdc.gba.gov.ar\/index.php\/2023\/08\/07\/dia-del-empleado-del-ministerio-de-desarrollo-de-la-comunidad\/","title":{"rendered":"DIA DEL EMPLEADO DEL MINISTERIO DE DESARROLLO DE LA COMUNIDAD"},"content":{"rendered":"\n<p class=\"has-text-align-right\">LA PLATA, BUENOS AIRES<\/p>\n\n\n\n<p class=\"has-text-align-right\">Lunes 7 de Agosto de 2023<\/p>\n\n\n\n<p>Por medio del presente, atento el Decreto N\u00ba 1545\/02 por el cual se estableci\u00f3 conmemorar el D\u00eda del Empleado de esta Cartera Ministerial los segundos viernes de agosto de cada a\u00f1o, se deja establecido que el personal de esta jurisdicci\u00f3n gozar\u00e1 de asueto administrativo el d\u00eda viernes 11 de Agosto del 2023, por lo aqu\u00ed expuesto, con observancia de las guardias previstas reglamentarias.<br>Ministerio de Desarrollo de la Comunidad de la Provincia de Buenos Aires.<br>Sin otro particular saluda atte.<\/p>\n\n\n\n<p>Lucas Andres Soto <\/p>\n\n\n\n<p>Director Direcci\u00f3n Delegada de la Direcci\u00f3n Provincial dePersonal Ministerio de Desarrollo de la Comunidad<\/p>\n\n\n\n<p class=\"has-text-align-right\"><\/p>\n\n\n\n<figure class=\"wp-block-image size-full\"><img fetchpriority=\"high\" decoding=\"async\" width=\"800\" height=\"98\" src=\"https:\/\/aplicaciones.mdc.gba.gov.ar\/wp-content\/uploads\/2023\/08\/logo-copiaColor.png\" alt=\"\" class=\"wp-image-165\" srcset=\"https:\/\/aplicaciones.mdc.gba.gov.ar\/wp-content\/uploads\/2023\/08\/logo-copiaColor.png 800w, https:\/\/aplicaciones.mdc.gba.gov.ar\/wp-content\/uploads\/2023\/08\/logo-copiaColor-300x37.png 300w, https:\/\/aplicaciones.mdc.gba.gov.ar\/wp-content\/uploads\/2023\/08\/logo-copiaColor-768x94.png 768w\" sizes=\"(max-width: 800px) 100vw, 800px\" \/><\/figure>\n","protected":false},"excerpt":{"rendered":"<p>LA PLATA, BUENOS AIRES Lunes 7 de Agosto de 2023 Por medio del presente, atento el Decreto N\u00ba 1545\/02 por el cual se estableci\u00f3 conmemorar el D\u00eda del Empleado de esta Cartera Ministerial los segundos viernes de agosto de cada a\u00f1o, se deja establecido que el personal de esta jurisdicci\u00f3n gozar\u00e1 de asueto administrativo el &hellip;<\/p>\n<p class=\"read-more\"> <a class=\"\" href=\"https:\/\/aplicaciones.mdc.gba.gov.ar\/index.php\/2023\/08\/07\/dia-del-empleado-del-ministerio-de-desarrollo-de-la-comunidad\/\"> <span class=\"screen-reader-text\">DIA DEL EMPLEADO DEL MINISTERIO DE DESARROLLO DE LA COMUNIDAD<\/span> Leer m\u00e1s &raquo;<\/a><\/p>\n","protected":false},"author":2,"featured_media":0,"comment_status":"open","ping_status":"open","sticky":false,"template":"","format":"standard","meta":{"site-sidebar-layout":"default","site-content-layout":"","ast-site-content-layout":"","site-content-style":"default","site-sidebar-style":"default","ast-global-header-display":"","ast-banner-title-visibility":"","ast-main-header-display":"","ast-hfb-above-header-display":"","ast-hfb-below-header-display":"","ast-hfb-mobile-header-display":"","site-post-title":"","ast-breadcrumbs-content":"","ast-featured-img":"","footer-sml-layout":"","theme-transparent-header-meta":"","adv-header-id-meta":"","stick-header-meta":"","header-above-stick-meta":"","header-main-stick-meta":"","header-below-stick-meta":"","astra-migrate-meta-layouts":"","ast-page-background-enabled":"default","ast-page-background-meta":{"desktop":{"background-color":"var(--ast-global-color-4)","background-image":"","background-repeat":"repeat","background-position":"center center","background-size":"auto","background-attachment":"scroll","background-type":"","background-media":"","overlay-type":"","overlay-color":"","overlay-gradient":""},"tablet":{"background-color":"","background-image":"","background-repeat":"repeat","background-position":"center center","background-size":"auto","background-attachment":"scroll","background-type":"","background-media":"","overlay-type":"","overlay-color":"","overlay-gradient":""},"mobile":{"background-color":"","background-image":"","background-repeat":"repeat","background-position":"center center","background-size":"auto","background-attachment":"scroll","background-type":"","background-media":"","overlay-type":"","overlay-color":"","overlay-gradient":""}},"ast-content-background-meta":{"desktop":{"background-color":"var(--ast-global-color-5)","background-image":"","background-repeat":"repeat","background-position":"center center","background-size":"auto","background-attachment":"scroll","background-type":"","background-media":"","overlay-type":"","overlay-color":"","overlay-gradient":""},"tablet":{"background-color":"var(--ast-global-color-5)","background-image":"","background-repeat":"repeat","background-position":"center center","background-size":"auto","background-attachment":"scroll","background-type":"","background-media":"","overlay-type":"","overlay-color":"","overlay-gradient":""},"mobile":{"background-color":"var(--ast-global-color-5)","background-image":"","background-repeat":"repeat","background-position":"center center","background-size":"auto","background-attachment":"scroll","background-type":"","background-media":"","overlay-type":"","overlay-color":"","overlay-gradient":""}},"footnotes":""},"categories":[1],"tags":[],"class_list":["post-163","post","type-post","status-publish","format-standard","hentry","category-uncategorized"],"_links":{"self":[{"href":"https:\/\/aplicaciones.mdc.gba.gov.ar\/index.php\/wp-json\/wp\/v2\/posts\/163","targetHints":{"allow":["GET"]}}],"collection":[{"href":"https:\/\/aplicaciones.mdc.gba.gov.ar\/index.php\/wp-json\/wp\/v2\/posts"}],"about":[{"href":"https:\/\/aplicaciones.mdc.gba.gov.ar\/index.php\/wp-json\/wp\/v2\/types\/post"}],"author":[{"embeddable":true,"href":"https:\/\/aplicaciones.mdc.gba.gov.ar\/index.php\/wp-json\/wp\/v2\/users\/2"}],"replies":[{"embeddable":true,"href":"https:\/\/aplicaciones.mdc.gba.gov.ar\/index.php\/wp-json\/wp\/v2\/comments?post=163"}],"version-history":[{"count":5,"href":"https:\/\/aplicaciones.mdc.gba.gov.ar\/index.php\/wp-json\/wp\/v2\/posts\/163\/revisions"}],"predecessor-version":[{"id":170,"href":"https:\/\/aplicaciones.mdc.gba.gov.ar\/index.php\/wp-json\/wp\/v2\/posts\/163\/revisions\/170"}],"wp:attachment":[{"href":"https:\/\/aplicaciones.mdc.gba.gov.ar\/index.php\/wp-json\/wp\/v2\/media?parent=163"}],"wp:term":[{"taxonomy":"category","embeddable":true,"href":"https:\/\/aplicaciones.mdc.gba.gov.ar\/index.php\/wp-json\/wp\/v2\/categories?post=163"},{"taxonomy":"post_tag","embeddable":true,"href":"https:\/\/aplicaciones.mdc.gba.gov.ar\/index.php\/wp-json\/wp\/v2\/tags?post=163"}],"curies":[{"name":"wp","href":"https:\/\/api.w.org\/{rel}","templated":true}]}}